{"id":2667,"date":"2023-01-13T09:49:54","date_gmt":"2023-01-13T09:49:54","guid":{"rendered":"https:\/\/brancheenature.fr\/?p=2667"},"modified":"2023-01-13T16:45:24","modified_gmt":"2023-01-13T16:45:24","slug":"interview-fabrice-marechal-inspecteur-de-leducation-nationale-des-alpes-maritimes","status":"publish","type":"post","link":"https:\/\/brancheenature.fr\/?p=2667","title":{"rendered":"Interview Fabrice Mar\u00e9chal: Inspecteur de l&rsquo;Education Nationale des Alpes Maritimes"},"content":{"rendered":"\n<p>\u00ab\u00a0Les enseignants doivent de par leur mission \u00e9ducative, \u00eatre cr\u00e9atifs pour rendre la nature accessible tout en pr\u00e9venant de sa fragilit\u00e9. Ils doivent permettre la compr\u00e9hension de la nature: au travers de la valeur du respect et de gestes de protection. <strong>L&rsquo;acc\u00e8s \u00e0 la nature<\/strong>, patrimoine universel, pour tous, <strong>est un enjeu fondamental pour notre soci\u00e9t\u00e9,<\/strong> pour notre Ecole. Quel que soit le cheminement que les enseignants choisiront, je les invite \u00e0 \u00eatre attentifs aux sensations, aux \u00e9motions, <strong>\u00e0 s&rsquo;ouvrir pleinement \u00e0 cette nature<\/strong>. Les \u00e9l\u00e8ves qui nous sont confi\u00e9s tirent un immense gain \u00e0 vivre des exp\u00e9riences sensorielles, quelque soient leur \u00e2ge, leur histoire ou leurs besoins \u00e9ducatifs particuliers. [&#8230;]  <\/p>\n\n\n\n<p>Les enseignants peuvent d\u00e9couvrir d&rsquo;autres perspectives, enseigner <strong>avec le corps en mouvement<\/strong>, s&rsquo;appuyer sur la diversit\u00e9 naturelle, pour atteindre l&rsquo;ensemble des apprentissages fondamentaux.  Ainsi les \u00e9l\u00e8ves pourront construire <strong>une relation profonde <\/strong>\u00e0 la nature et vivre des exp\u00e9riences qui les transformeront positivement. [&#8230;]<\/p>\n\n\n\n<p>La diffusion de cette d\u00e9marche au plus grand nombre accompagnera l&rsquo;impulsion, l&rsquo;\u00e9lan n\u00e9cessaire qui doit aboutir \u00e0 la formation d&rsquo;esprits libres parce que respectueux d&rsquo;un environnement<strong> source d&rsquo;avenir.<\/strong>\u00a0\u00bb  <\/p>\n\n\n\n<p>Fabrice Mar\u00e9chal, Inspecteur de l&rsquo;Education Nationale des Alpes Maritimes<\/p>\n\n\n\n<p><em>Interview que vous pourrez retrouver dans cet article: Se reconnecter \u00e0 la nature avec toutes nos diff\u00e9rences : lire <a href=\"http:\/\/www.mercantour-parcnational.fr\/fr\/des-actions\/sensibiliser-eduquer-et-accueillir\/accessibilite-et-handicap\/se-reconnecter-la-nature\" target=\"_blank\" rel=\"noopener\" title=\"\">ici<\/a> <\/em><\/p>\n\n\n\n<p><\/p>\n","protected":false},"excerpt":{"rendered":"<p>\u00ab\u00a0Les enseignants doivent de par leur mission \u00e9ducative, \u00eatre cr\u00e9atifs pour rendre la nature accessible tout en pr\u00e9venant de sa fragilit\u00e9. Ils doivent permettre la &hellip;<\/p>\n","protected":false},"author":1,"featured_media":0,"comment_status":"closed","ping_status":"closed","sticky":false,"template":"","format":"standard","meta":{"om_disable_all_campaigns":false,"_uag_custom_page_level_css":"","footnotes":""},"categories":[1],"tags":[],"class_list":["post-2667","post","type-post","status-publish","format-standard","hentry","category-uncategorized"],"aioseo_notices":[],"uagb_featured_image_src":{"full":false,"thumbnail":false,"medium":false,"medium_large":false,"large":false,"1536x1536":false,"2048x2048":false,"post-thumbnail":false,"bravada-featured":false,"bravada-featured-lp":false,"bravada-featured-half":false,"bravada-featured-third":false,"bravada-lpbox-1":false,"bravada-lpbox-2":false},"uagb_author_info":{"display_name":"Maryline","author_link":"https:\/\/brancheenature.fr\/?author=1"},"uagb_comment_info":0,"uagb_excerpt":"\u00ab\u00a0Les enseignants doivent de par leur mission \u00e9ducative, \u00eatre cr\u00e9atifs pour rendre la nature accessible tout en pr\u00e9venant de sa fragilit\u00e9. Ils doivent permettre la &hellip;","_links":{"self":[{"href":"https:\/\/brancheenature.fr\/index.php?rest_route=\/wp\/v2\/posts\/2667","targetHints":{"allow":["GET"]}}],"collection":[{"href":"https:\/\/brancheenature.fr\/index.php?rest_route=\/wp\/v2\/posts"}],"about":[{"href":"https:\/\/brancheenature.fr\/index.php?rest_route=\/wp\/v2\/types\/post"}],"author":[{"embeddable":true,"href":"https:\/\/brancheenature.fr\/index.php?rest_route=\/wp\/v2\/users\/1"}],"replies":[{"embeddable":true,"href":"https:\/\/brancheenature.fr\/index.php?rest_route=%2Fwp%2Fv2%2Fcomments&post=2667"}],"version-history":[{"count":3,"href":"https:\/\/brancheenature.fr\/index.php?rest_route=\/wp\/v2\/posts\/2667\/revisions"}],"predecessor-version":[{"id":2671,"href":"https:\/\/brancheenature.fr\/index.php?rest_route=\/wp\/v2\/posts\/2667\/revisions\/2671"}],"wp:attachment":[{"href":"https:\/\/brancheenature.fr\/index.php?rest_route=%2Fwp%2Fv2%2Fmedia&parent=2667"}],"wp:term":[{"taxonomy":"category","embeddable":true,"href":"https:\/\/brancheenature.fr\/index.php?rest_route=%2Fwp%2Fv2%2Fcategories&post=2667"},{"taxonomy":"post_tag","embeddable":true,"href":"https:\/\/brancheenature.fr\/index.php?rest_route=%2Fwp%2Fv2%2Ftags&post=2667"}],"curies":[{"name":"wp","href":"https:\/\/api.w.org\/{rel}","templated":true}]}}