{"id":3037,"date":"2024-02-06T19:56:05","date_gmt":"2024-02-06T19:56:05","guid":{"rendered":"https:\/\/brancheenature.fr\/?p=3037"},"modified":"2024-02-06T20:04:20","modified_gmt":"2024-02-06T20:04:20","slug":"la-nature-ma-nature","status":"publish","type":"post","link":"https:\/\/brancheenature.fr\/?p=3037","title":{"rendered":"La Nature, Ma Nature"},"content":{"rendered":"\n<div class=\"wp-block-media-text alignwide is-stacked-on-mobile\"><figure class=\"wp-block-media-text__media\"><video controls src=\"https:\/\/brancheenature.fr\/wp-content\/uploads\/2024\/02\/Montage-Elisabeth-fev-2024-1.mp4\"><\/video><\/figure><div class=\"wp-block-media-text__content\">\n<p><\/p>\n\n\n\n<p>Ch\u00e8re clairi\u00e8re dans la for\u00eat !<\/p>\n\n\n\n<p><em>Un merci chaleureux \u00e0 Elisabeth Riu, mon amie pour la prise de photos et le montage.<\/em>.. <\/p>\n<\/div><\/div>\n","protected":false},"excerpt":{"rendered":"<p>Ch\u00e8re clairi\u00e8re dans la for\u00eat ! Un merci chaleureux \u00e0 Elisabeth Riu, mon amie pour la prise de photos et le montage&#8230;<\/p>\n","protected":false},"author":1,"featured_media":0,"comment_status":"closed","ping_status":"closed","sticky":false,"template":"","format":"standard","meta":{"om_disable_all_campaigns":false,"_uag_custom_page_level_css":"","footnotes":""},"categories":[1],"tags":[],"class_list":["post-3037","post","type-post","status-publish","format-standard","hentry","category-uncategorized"],"aioseo_notices":[],"uagb_featured_image_src":{"full":false,"thumbnail":false,"medium":false,"medium_large":false,"large":false,"1536x1536":false,"2048x2048":false,"post-thumbnail":false,"bravada-featured":false,"bravada-featured-lp":false,"bravada-featured-half":false,"bravada-featured-third":false,"bravada-lpbox-1":false,"bravada-lpbox-2":false},"uagb_author_info":{"display_name":"Maryline","author_link":"https:\/\/brancheenature.fr\/?author=1"},"uagb_comment_info":0,"uagb_excerpt":"Ch\u00e8re clairi\u00e8re dans la for\u00eat ! Un merci chaleureux \u00e0 Elisabeth Riu, mon amie pour la prise de photos et le montage...","_links":{"self":[{"href":"https:\/\/brancheenature.fr\/index.php?rest_route=\/wp\/v2\/posts\/3037","targetHints":{"allow":["GET"]}}],"collection":[{"href":"https:\/\/brancheenature.fr\/index.php?rest_route=\/wp\/v2\/posts"}],"about":[{"href":"https:\/\/brancheenature.fr\/index.php?rest_route=\/wp\/v2\/types\/post"}],"author":[{"embeddable":true,"href":"https:\/\/brancheenature.fr\/index.php?rest_route=\/wp\/v2\/users\/1"}],"replies":[{"embeddable":true,"href":"https:\/\/brancheenature.fr\/index.php?rest_route=%2Fwp%2Fv2%2Fcomments&post=3037"}],"version-history":[{"count":3,"href":"https:\/\/brancheenature.fr\/index.php?rest_route=\/wp\/v2\/posts\/3037\/revisions"}],"predecessor-version":[{"id":3044,"href":"https:\/\/brancheenature.fr\/index.php?rest_route=\/wp\/v2\/posts\/3037\/revisions\/3044"}],"wp:attachment":[{"href":"https:\/\/brancheenature.fr\/index.php?rest_route=%2Fwp%2Fv2%2Fmedia&parent=3037"}],"wp:term":[{"taxonomy":"category","embeddable":true,"href":"https:\/\/brancheenature.fr\/index.php?rest_route=%2Fwp%2Fv2%2Fcategories&post=3037"},{"taxonomy":"post_tag","embeddable":true,"href":"https:\/\/brancheenature.fr\/index.php?rest_route=%2Fwp%2Fv2%2Ftags&post=3037"}],"curies":[{"name":"wp","href":"https:\/\/api.w.org\/{rel}","templated":true}]}}