{"id":3149,"date":"2024-06-11T11:05:48","date_gmt":"2024-06-11T11:05:48","guid":{"rendered":"https:\/\/brancheenature.fr\/?p=3149"},"modified":"2024-06-11T11:10:19","modified_gmt":"2024-06-11T11:10:19","slug":"les-chemins-de-traverse","status":"publish","type":"post","link":"https:\/\/brancheenature.fr\/?p=3149","title":{"rendered":"Les chemins de traverse"},"content":{"rendered":"\n<p>\u00ab\u00a0J&rsquo;ai besoin de temps de qualit\u00e9 avec mon enfant et d&rsquo;\u00eatre guid\u00e9e, accompagn\u00e9e\u00a0\u00bb<\/p>\n\n\n\n<p>\ud83c\udf3eUne proposition pour l&rsquo;\u00e9t\u00e9 pour vivre des moments privil\u00e9gi\u00e9s avec ses enfants, en \u00e9tant guid\u00e9, en pleine nature.<br><br>Voici LES CHEMINS DE TRAVERSE \ud83c\udf33<br>L&rsquo;alliance de la Nature et de l&rsquo;Art<br><br>On peut venir avec ses parents, ses grands parents, son adulte r\u00e9f\u00e9rent &#8230;\ud83d\udc47<\/p>\n\n\n\n<figure class=\"wp-block-image size-large\"><img loading=\"lazy\" decoding=\"async\" width=\"724\" height=\"1024\" src=\"https:\/\/brancheenature.fr\/wp-content\/uploads\/2024\/06\/format-affiche-724x1024.jpg\" alt=\"\" class=\"wp-image-3150\" srcset=\"https:\/\/brancheenature.fr\/wp-content\/uploads\/2024\/06\/format-affiche-724x1024.jpg 724w, https:\/\/brancheenature.fr\/wp-content\/uploads\/2024\/06\/format-affiche-212x300.jpg 212w, https:\/\/brancheenature.fr\/wp-content\/uploads\/2024\/06\/format-affiche-768x1086.jpg 768w, https:\/\/brancheenature.fr\/wp-content\/uploads\/2024\/06\/format-affiche-1087x1536.jpg 1087w, https:\/\/brancheenature.fr\/wp-content\/uploads\/2024\/06\/format-affiche.jpg 1132w\" sizes=\"auto, (max-width: 724px) 100vw, 724px\" \/><\/figure>\n","protected":false},"excerpt":{"rendered":"<p>\u00ab\u00a0J&rsquo;ai besoin de temps de qualit\u00e9 avec mon enfant et d&rsquo;\u00eatre guid\u00e9e, accompagn\u00e9e\u00a0\u00bb \ud83c\udf3eUne proposition pour l&rsquo;\u00e9t\u00e9 pour vivre des moments privil\u00e9gi\u00e9s avec ses enfants, &hellip;<\/p>\n","protected":false},"author":1,"featured_media":0,"comment_status":"closed","ping_status":"closed","sticky":false,"template":"","format":"standard","meta":{"om_disable_all_campaigns":false,"_uag_custom_page_level_css":"","footnotes":""},"categories":[1],"tags":[],"class_list":["post-3149","post","type-post","status-publish","format-standard","hentry","category-uncategorized"],"aioseo_notices":[],"uagb_featured_image_src":{"full":false,"thumbnail":false,"medium":false,"medium_large":false,"large":false,"1536x1536":false,"2048x2048":false,"post-thumbnail":false,"bravada-featured":false,"bravada-featured-lp":false,"bravada-featured-half":false,"bravada-featured-third":false,"bravada-lpbox-1":false,"bravada-lpbox-2":false},"uagb_author_info":{"display_name":"Maryline","author_link":"https:\/\/brancheenature.fr\/?author=1"},"uagb_comment_info":0,"uagb_excerpt":"\u00ab\u00a0J&rsquo;ai besoin de temps de qualit\u00e9 avec mon enfant et d&rsquo;\u00eatre guid\u00e9e, accompagn\u00e9e\u00a0\u00bb \ud83c\udf3eUne proposition pour l&rsquo;\u00e9t\u00e9 pour vivre des moments privil\u00e9gi\u00e9s avec ses enfants, &hellip;","_links":{"self":[{"href":"https:\/\/brancheenature.fr\/index.php?rest_route=\/wp\/v2\/posts\/3149","targetHints":{"allow":["GET"]}}],"collection":[{"href":"https:\/\/brancheenature.fr\/index.php?rest_route=\/wp\/v2\/posts"}],"about":[{"href":"https:\/\/brancheenature.fr\/index.php?rest_route=\/wp\/v2\/types\/post"}],"author":[{"embeddable":true,"href":"https:\/\/brancheenature.fr\/index.php?rest_route=\/wp\/v2\/users\/1"}],"replies":[{"embeddable":true,"href":"https:\/\/brancheenature.fr\/index.php?rest_route=%2Fwp%2Fv2%2Fcomments&post=3149"}],"version-history":[{"count":3,"href":"https:\/\/brancheenature.fr\/index.php?rest_route=\/wp\/v2\/posts\/3149\/revisions"}],"predecessor-version":[{"id":3153,"href":"https:\/\/brancheenature.fr\/index.php?rest_route=\/wp\/v2\/posts\/3149\/revisions\/3153"}],"wp:attachment":[{"href":"https:\/\/brancheenature.fr\/index.php?rest_route=%2Fwp%2Fv2%2Fmedia&parent=3149"}],"wp:term":[{"taxonomy":"category","embeddable":true,"href":"https:\/\/brancheenature.fr\/index.php?rest_route=%2Fwp%2Fv2%2Fcategories&post=3149"},{"taxonomy":"post_tag","embeddable":true,"href":"https:\/\/brancheenature.fr\/index.php?rest_route=%2Fwp%2Fv2%2Ftags&post=3149"}],"curies":[{"name":"wp","href":"https:\/\/api.w.org\/{rel}","templated":true}]}}