{"id":4018,"date":"2026-01-26T16:38:07","date_gmt":"2026-01-26T16:38:07","guid":{"rendered":"https:\/\/brancheenature.fr\/?p=4018"},"modified":"2026-01-29T12:48:21","modified_gmt":"2026-01-29T12:48:21","slug":"nature-et-emerveillement-livres-films-et-inspirations","status":"publish","type":"post","link":"https:\/\/brancheenature.fr\/?p=4018","title":{"rendered":"Nature et \u00e9merveillement : livre, film et inspirations"},"content":{"rendered":"\n<p>Ce mois-ci, j\u2019ai envie de partager des ressources qui nourrissent mon regard sur le vivant.<\/p>\n\n\n\n<p>J\u2019ai regard\u00e9 avec attention cette discussion entre <strong>Fabrice Midal et Allain Bougrain-Dubourg<\/strong>: <em>Prendre soin de la nature<\/em>.  Je vous laisse d\u00e9couvrir ici <a href=\"https:\/\/www.youtube.com\/watch?v=MZib7785ZEs\" target=\"_blank\" rel=\"noopener\" title=\"\">sur YouTube.<\/a> <\/p>\n\n\n\n<p>J\u2019ai \u00e9galement d\u00e9vor\u00e9 le livre <strong><em>Aux arbres citoyens<\/em><\/strong> de <strong>Jean-Louis \u00c9tienne<\/strong>, explorateur tarnais qui raconte sa fascination pour les arbres, et l&rsquo;urgence de prot\u00e9ger nos for\u00eats.  J\u2019y retrouve les mots de <strong>Francis Hall\u00e9<\/strong>, r\u00e9cemment disparu, qui me touchent: \u00ab\u00a0Ce n&rsquo;est pas tant que nous ayons un besoin imm\u00e9diat de ces for\u00eats, nous avons surtout besoin des qualit\u00e9s humaines n\u00e9cessaires pour les sauver; car ce sont pr\u00e9cis\u00e9ment celles-l\u00e0 qu&rsquo;il nous faut pour nous sauver nous-m\u00eames\u00a0\u00bb. J&rsquo;ai not\u00e9 aussi dans mon carnet d&rsquo;observations ce passage page 12  \u00ab\u00a0la frugalit\u00e9 des moyens invitait \u00e0 la cr\u00e9ativit\u00e9 et \u00e0 la r\u00e9flexion\u00a0\u00bb &#8230; \u00e0 m\u00e9diter !<\/p>\n\n\n\n<p>Et puis, il y a le film <strong><em>Le chant des for\u00eats<\/em><\/strong>, de Vincent Munier sorti au cin\u00e9ma \u00e0 la fin de l\u2019ann\u00e9e 2025. J&rsquo;ai \u00e9t\u00e9 profond\u00e9ment touch\u00e9e par ce film: il m&rsquo;a rappel\u00e9, tr\u00e8s simplement, pourquoi j&rsquo;ai choisi ce m\u00e9tier.<\/p>\n\n\n\n<p> Accompagner dans la nature, c&rsquo;est marcher aux c\u00f4t\u00e9s d&rsquo;\u00eatres humains, apprendre sans cesse, comprendre, transmettre et rester disponible \u00e0 cette part de silence et d&rsquo;\u00e9merveillement qui nous remet \u00e0 notre place et parfois nous r\u00e9pare. <\/p>\n\n\n\n<p>Je me sens sinc\u00e8rement remplie par mon activit\u00e9 et par tout ce qu&rsquo;elle pousse \u00e0 observer, \u00e0 relier, \u00e0 respecter.<\/p>\n\n\n\n<p><\/p>\n","protected":false},"excerpt":{"rendered":"<p>Ce mois-ci, j\u2019ai envie de partager des ressources qui nourrissent mon regard sur le vivant. J\u2019ai regard\u00e9 avec attention cette discussion entre Fabrice Midal et &hellip;<\/p>\n","protected":false},"author":1,"featured_media":0,"comment_status":"closed","ping_status":"closed","sticky":false,"template":"","format":"standard","meta":{"om_disable_all_campaigns":false,"_uag_custom_page_level_css":"","footnotes":""},"categories":[1],"tags":[],"class_list":["post-4018","post","type-post","status-publish","format-standard","hentry","category-uncategorized"],"aioseo_notices":[],"uagb_featured_image_src":{"full":false,"thumbnail":false,"medium":false,"medium_large":false,"large":false,"1536x1536":false,"2048x2048":false,"post-thumbnail":false,"bravada-featured":false,"bravada-featured-lp":false,"bravada-featured-half":false,"bravada-featured-third":false,"bravada-lpbox-1":false,"bravada-lpbox-2":false},"uagb_author_info":{"display_name":"Maryline","author_link":"https:\/\/brancheenature.fr\/?author=1"},"uagb_comment_info":0,"uagb_excerpt":"Ce mois-ci, j\u2019ai envie de partager des ressources qui nourrissent mon regard sur le vivant. J\u2019ai regard\u00e9 avec attention cette discussion entre Fabrice Midal et &hellip;","_links":{"self":[{"href":"https:\/\/brancheenature.fr\/index.php?rest_route=\/wp\/v2\/posts\/4018","targetHints":{"allow":["GET"]}}],"collection":[{"href":"https:\/\/brancheenature.fr\/index.php?rest_route=\/wp\/v2\/posts"}],"about":[{"href":"https:\/\/brancheenature.fr\/index.php?rest_route=\/wp\/v2\/types\/post"}],"author":[{"embeddable":true,"href":"https:\/\/brancheenature.fr\/index.php?rest_route=\/wp\/v2\/users\/1"}],"replies":[{"embeddable":true,"href":"https:\/\/brancheenature.fr\/index.php?rest_route=%2Fwp%2Fv2%2Fcomments&post=4018"}],"version-history":[{"count":6,"href":"https:\/\/brancheenature.fr\/index.php?rest_route=\/wp\/v2\/posts\/4018\/revisions"}],"predecessor-version":[{"id":4027,"href":"https:\/\/brancheenature.fr\/index.php?rest_route=\/wp\/v2\/posts\/4018\/revisions\/4027"}],"wp:attachment":[{"href":"https:\/\/brancheenature.fr\/index.php?rest_route=%2Fwp%2Fv2%2Fmedia&parent=4018"}],"wp:term":[{"taxonomy":"category","embeddable":true,"href":"https:\/\/brancheenature.fr\/index.php?rest_route=%2Fwp%2Fv2%2Fcategories&post=4018"},{"taxonomy":"post_tag","embeddable":true,"href":"https:\/\/brancheenature.fr\/index.php?rest_route=%2Fwp%2Fv2%2Ftags&post=4018"}],"curies":[{"name":"wp","href":"https:\/\/api.w.org\/{rel}","templated":true}]}}